{"id":9719,"date":"2025-09-07T09:23:00","date_gmt":"2025-09-07T07:23:00","guid":{"rendered":"https:\/\/oschnitthalle.de\/?p=9719"},"modified":"2025-09-12T18:38:24","modified_gmt":"2025-09-12T16:38:24","slug":"05-09-25-07-09-25-wurzer-oschnitt","status":"publish","type":"post","link":"https:\/\/oschnitthalle.de\/?p=9719","title":{"rendered":"05.09.25 \u2013 07.09.25:\u00a0Wurzer O`Schnitt"},"content":{"rendered":"\t\t<div data-elementor-type=\"wp-post\" data-elementor-id=\"9719\" class=\"elementor elementor-9719\">\n\t\t\t\t\t\t<section class=\"elementor-section elementor-top-section elementor-element elementor-element-28e0d99 elementor-section-boxed elementor-section-height-default elementor-section-height-default\" data-id=\"28e0d99\" data-element_type=\"section\">\n\t\t\t\t\t\t<div class=\"elementor-container elementor-column-gap-default\">\n\t\t\t\t\t<div class=\"elementor-column elementor-col-100 elementor-top-column elementor-element elementor-element-8d24395\" data-id=\"8d24395\" data-element_type=\"column\">\n\t\t\t<div class=\"elementor-widget-wrap elementor-element-populated\">\n\t\t\t\t\t\t<div class=\"elementor-element elementor-element-6b9602f elementor-widget elementor-widget-text-editor\" data-id=\"6b9602f\" data-element_type=\"widget\" data-widget_type=\"text-editor.default\">\n\t\t\t\t<div class=\"elementor-widget-container\">\n\t\t\t\t\t\t\t\t\t<p><a href=\"https:\/\/www.oberpfalzecho.de\/beitrag\/100er-grenze-ueberschritten\" target=\"_blank\" rel=\"noopener\"><strong><span style=\"color: #ff0000;\">Nachbericht Oberpfalzecho<\/span><\/strong><\/a><\/p><p><a href=\"https:\/\/www.oberpfalzecho.de\/beitrag\/maispflanzenpraemierung-beim-wurzer-oschnitt-riesenpflanzen-sorgen-fuer-begeisterung\" target=\"_blank\" rel=\"noopener\"><strong><span style=\"color: #ff0000;\">Nachbericht Maispflanzenpr\u00e4mierung<\/span><\/strong><\/a><\/p>\t\t\t\t\t\t\t\t<\/div>\n\t\t\t\t<\/div>\n\t\t\t\t\t<\/div>\n\t\t<\/div>\n\t\t\t\t\t<\/div>\n\t\t<\/section>\n\t\t\t\t<section class=\"elementor-section elementor-top-section elementor-element elementor-element-7f1839c elementor-section-boxed elementor-section-height-default elementor-section-height-default\" data-id=\"7f1839c\" data-element_type=\"section\">\n\t\t\t\t\t\t<div class=\"elementor-container elementor-column-gap-default\">\n\t\t\t\t\t<div class=\"elementor-column elementor-col-100 elementor-top-column elementor-element elementor-element-86f84b2\" data-id=\"86f84b2\" data-element_type=\"column\">\n\t\t\t<div class=\"elementor-widget-wrap elementor-element-populated\">\n\t\t\t\t\t\t<div class=\"elementor-element elementor-element-971e966 elementor-widget elementor-widget-text-editor\" data-id=\"971e966\" data-element_type=\"widget\" data-widget_type=\"text-editor.default\">\n\t\t\t\t<div class=\"elementor-widget-container\">\n\t\t\t\t\t\t\t\t\t<p><span style=\"color: #000000;\">Gaudi, Musik und Tradition: Der Wurzer O`Schnitt 2025 steht vor der T\u00fcr<\/span><\/p><p><span style=\"color: #000000;\">Wurz. (tok) \u2013 Vom 5. bis 7. September wird die O`schnitthalle wieder zum Mittelpunkt f\u00fcr Partyfreunde, Musikliebhaber und Traditionsbewusste. Der beliebte Wurzer O`Schnitt verspricht auch in seiner 2025er Auflage ein abwechslungsreiches Programm mit Stimmungsgarantie.<\/span><\/p><p><span style=\"color: #000000;\">Zum Auftakt am Freitag sorgt das Kult-DJ-Team \u201eGipfelst\u00fcrmer\u201c f\u00fcr eine explosive Mischung aus Malle- und Apr\u00e8sski-Hits, Partyklassikern, einer Prise Volksmusik, Schlager und EDM. Der unverwechselbare Sound bringt garantiert jeden zum Tanzen, Mitsingen und Feiern \u2013 von den 90ern \u00fcber die 2000er bis zu den aktuellen Charts. Einlass ist ab 19:30 Uhr, der Eintritt ist bis 20.30 Uhr frei, danach kostet er 5 Euro.<\/span><\/p><p><span style=\"color: #000000;\">Am zweiten Abend gibt es ein Wiedersehen mit einer echten O`Schnitt-Institution: Bereits zum 23. Mal steht die Band \u201eHighline\u201c auf der B\u00fchne. Mit ihrer Rock-Version der Wurzer Hymne und einem abwechslungsreichen Programm hat sich die Gruppe l\u00e4ngst einen festen Platz im Herzen des Publikums gesichert. Einlass ist ab 20 Uhr.<\/span><\/p><p><span style=\"color: #000000;\">Shuttle-Service und Tracht<\/span><\/p><p><span style=\"color: #000000;\">F\u00fcr die Besucher stehen an beiden Abenden wieder Shuttle-Busse zur Verf\u00fcgung. Die genauen Fahrzeiten sind online unter www.oschnitthalle.de<\/span><\/p><p><span style=\"color: #000000;\">abrufbar. Wie immer gilt: Tracht ist ausdr\u00fccklich erw\u00fcnscht. Besonders beliebt sein d\u00fcrfte auch heuer wieder die O`Schnitt-Runde mit zehn \u201eG\u2019spritztn\u201c im Rondel der Bar. In der Bar sorgt das Motto \u201eSaloon\u201c f\u00fcr originelles Ambiente.<\/span><\/p><p><span style=\"color: #000000;\">Der Sonntag startet traditionell um 10 Uhr mit einem verl\u00e4ngerten Fr\u00fchschoppen, musikalisch begleitet von den \u201eBuagsteig Musikant\u2019n\u201c. Neben einem Wei\u00dfwurstfr\u00fchst\u00fcck, Mittagessen und frischen Makrelen der Fischerfreunde P\u00fcchersreuth warten auch Kaffee und selbst gemachte Kuchen. Dazu gibt es ein buntes Familienprogramm mit Kinderkarussell, Schiffschaukel, S\u00fc\u00dfwaren, Kinderschminken und Feuerwehraktionen. Au\u00dferdem werden die l\u00e4ngsten Maispflanzen der Region pr\u00e4miert \u2013 Preise wie Fressk\u00f6rbe und Gutscheine winken den Gewinnern. Ein Highlight ist auch die Vorstellung der noch jungen Fu\u00dfball-Spielgemeinschaft SG PSW (P\u00fcchersreuth, St\u00f6rnstein, Wurz), die bereits 150 Kinder und 30 Trainer z\u00e4hlt.<\/span><\/p><p><span style=\"color: #000000;\">Ab 14 Uhr drehen die Bulldog- und Oldtimerfreunde bei der Dorfrundfahrt ihre Runden. Kurzentschlossene k\u00f6nnen sich ab 11 Uhr in der Halle anmelden und erhalten als Dankesch\u00f6n eine Urkunde, ein Gastgeschenk und ein Freigetr\u00e4nk.<\/span><\/p><p><span style=\"color: #000000;\">Zum Abschluss messen sich ab 17.30 Uhr die Kinder beim Seilziehen, bevor um 18 Uhr die Erwachsenen an den Start gehen. Hier winken satte Preise: Die Herren k\u00e4mpfen um 100 Liter Bier, die Damen um wertvolle Bargutscheine.<\/span><\/p><p><span style=\"color: #000000;\">Weitere Informationen sowie die Shuttle-Zeiten findet ihr weiter unten!<\/span><\/p><p><span style=\"color: #000000;\">.<\/span><\/p>\t\t\t\t\t\t\t\t<\/div>\n\t\t\t\t<\/div>\n\t\t\t\t\t<\/div>\n\t\t<\/div>\n\t\t\t\t\t<\/div>\n\t\t<\/section>\n\t\t\t\t<section class=\"elementor-section elementor-top-section elementor-element elementor-element-4375709 elementor-section-boxed elementor-section-height-default elementor-section-height-default\" data-id=\"4375709\" data-element_type=\"section\">\n\t\t\t\t\t\t<div class=\"elementor-container elementor-column-gap-default\">\n\t\t\t\t\t<div class=\"elementor-column elementor-col-100 elementor-top-column elementor-element elementor-element-8f00f8d\" data-id=\"8f00f8d\" data-element_type=\"column\">\n\t\t\t<div class=\"elementor-widget-wrap elementor-element-populated\">\n\t\t\t\t\t\t<div class=\"elementor-element elementor-element-e1d1cc1 elementor-widget elementor-widget-text-editor\" data-id=\"e1d1cc1\" data-element_type=\"widget\" data-widget_type=\"text-editor.default\">\n\t\t\t\t<div class=\"elementor-widget-container\">\n\t\t\t\t\t\t\t\t\t<h3><strong>Freitag, 05.09.25: <span style=\"color: #ff0000;\">Die Gipfelst\u00fcrmer<\/span><\/strong><\/h3>\t\t\t\t\t\t\t\t<\/div>\n\t\t\t\t<\/div>\n\t\t\t\t\t<\/div>\n\t\t<\/div>\n\t\t\t\t\t<\/div>\n\t\t<\/section>\n\t\t\t\t<section class=\"elementor-section elementor-top-section elementor-element elementor-element-4eda141 elementor-section-boxed elementor-section-height-default elementor-section-height-default\" data-id=\"4eda141\" data-element_type=\"section\">\n\t\t\t\t\t\t<div class=\"elementor-container elementor-column-gap-default\">\n\t\t\t\t\t<div class=\"elementor-column elementor-col-100 elementor-top-column elementor-element elementor-element-20dcc39\" data-id=\"20dcc39\" data-element_type=\"column\">\n\t\t\t<div class=\"elementor-widget-wrap elementor-element-populated\">\n\t\t\t\t\t\t<div class=\"elementor-element elementor-element-d34e012 elementor-widget elementor-widget-image\" data-id=\"d34e012\" data-element_type=\"widget\" data-widget_type=\"image.default\">\n\t\t\t\t<div class=\"elementor-widget-container\">\n\t\t\t\t\t\t\t\t\t\t\t\t\t\t\t<img fetchpriority=\"high\" decoding=\"async\" width=\"640\" height=\"371\" src=\"https:\/\/oschnitthalle.de\/wp-content\/uploads\/2024\/09\/Referenzen-1024x593.jpg\" class=\"attachment-large size-large wp-image-9784\" alt=\"\" srcset=\"https:\/\/oschnitthalle.de\/wp-content\/uploads\/2024\/09\/Referenzen-1024x593.jpg 1024w, https:\/\/oschnitthalle.de\/wp-content\/uploads\/2024\/09\/Referenzen-300x174.jpg 300w, https:\/\/oschnitthalle.de\/wp-content\/uploads\/2024\/09\/Referenzen-768x445.jpg 768w, https:\/\/oschnitthalle.de\/wp-content\/uploads\/2024\/09\/Referenzen.jpg 1047w\" sizes=\"(max-width: 640px) 100vw, 640px\" \/>\t\t\t\t\t\t\t\t\t\t\t\t\t\t\t<\/div>\n\t\t\t\t<\/div>\n\t\t\t\t\t<\/div>\n\t\t<\/div>\n\t\t\t\t\t<\/div>\n\t\t<\/section>\n\t\t\t\t<section class=\"elementor-section elementor-top-section elementor-element elementor-element-d19d242 elementor-section-boxed elementor-section-height-default elementor-section-height-default\" data-id=\"d19d242\" data-element_type=\"section\">\n\t\t\t\t\t\t<div class=\"elementor-container elementor-column-gap-default\">\n\t\t\t\t\t<div class=\"elementor-column elementor-col-100 elementor-top-column elementor-element elementor-element-1b9d149\" data-id=\"1b9d149\" data-element_type=\"column\">\n\t\t\t<div class=\"elementor-widget-wrap elementor-element-populated\">\n\t\t\t\t\t\t<div class=\"elementor-element elementor-element-49626a3 elementor-widget elementor-widget-text-editor\" data-id=\"49626a3\" data-element_type=\"widget\" data-widget_type=\"text-editor.default\">\n\t\t\t\t<div class=\"elementor-widget-container\">\n\t\t\t\t\t\t\t\t\t<h3>Samstag, 06.09.25: <span style=\"color: #ff0000;\">Highline<\/span><\/h3>\t\t\t\t\t\t\t\t<\/div>\n\t\t\t\t<\/div>\n\t\t\t\t\t<\/div>\n\t\t<\/div>\n\t\t\t\t\t<\/div>\n\t\t<\/section>\n\t\t\t\t<section class=\"elementor-section elementor-top-section elementor-element elementor-element-477835e elementor-section-boxed elementor-section-height-default elementor-section-height-default\" data-id=\"477835e\" data-element_type=\"section\">\n\t\t\t\t\t\t<div class=\"elementor-container elementor-column-gap-default\">\n\t\t\t\t\t<div class=\"elementor-column elementor-col-100 elementor-top-column elementor-element elementor-element-e33fcab\" data-id=\"e33fcab\" data-element_type=\"column\">\n\t\t\t<div class=\"elementor-widget-wrap elementor-element-populated\">\n\t\t\t\t\t\t<div class=\"elementor-element elementor-element-3603638 elementor-widget elementor-widget-image\" data-id=\"3603638\" data-element_type=\"widget\" data-widget_type=\"image.default\">\n\t\t\t\t<div class=\"elementor-widget-container\">\n\t\t\t\t\t\t\t\t\t\t\t\t\t\t\t<img decoding=\"async\" width=\"640\" height=\"452\" src=\"https:\/\/oschnitthalle.de\/wp-content\/uploads\/2022\/10\/Highline-.jpg\" class=\"attachment-large size-large wp-image-9048\" alt=\"\" srcset=\"https:\/\/oschnitthalle.de\/wp-content\/uploads\/2022\/10\/Highline-.jpg 842w, https:\/\/oschnitthalle.de\/wp-content\/uploads\/2022\/10\/Highline--300x212.jpg 300w, https:\/\/oschnitthalle.de\/wp-content\/uploads\/2022\/10\/Highline--768x543.jpg 768w\" sizes=\"(max-width: 640px) 100vw, 640px\" \/>\t\t\t\t\t\t\t\t\t\t\t\t\t\t\t<\/div>\n\t\t\t\t<\/div>\n\t\t\t\t\t<\/div>\n\t\t<\/div>\n\t\t\t\t\t<\/div>\n\t\t<\/section>\n\t\t\t\t<section class=\"elementor-section elementor-top-section elementor-element elementor-element-b9b5b42 elementor-section-boxed elementor-section-height-default elementor-section-height-default\" data-id=\"b9b5b42\" data-element_type=\"section\">\n\t\t\t\t\t\t<div class=\"elementor-container elementor-column-gap-default\">\n\t\t\t\t\t<div class=\"elementor-column elementor-col-100 elementor-top-column elementor-element elementor-element-b68dfb7\" data-id=\"b68dfb7\" data-element_type=\"column\">\n\t\t\t<div class=\"elementor-widget-wrap elementor-element-populated\">\n\t\t\t\t\t\t<div class=\"elementor-element elementor-element-863700c elementor-widget elementor-widget-text-editor\" data-id=\"863700c\" data-element_type=\"widget\" data-widget_type=\"text-editor.default\">\n\t\t\t\t<div class=\"elementor-widget-container\">\n\t\t\t\t\t\t\t\t\t<h3>Sonntag, 07.09.25: Verl\u00e4ngerter Fr\u00fchschoppen mit den <span style=\"color: #ff0000;\">Buagsteig Musikant`n<\/span><\/h3><h5><span style=\"color: #000000;\">Pr\u00e4mierung der l\u00e4ngsten Maispflanzen<\/span><\/h5><h5><span style=\"color: #000000;\">Bulldog- und Oldtimerschau<\/span><\/h5><h5><span style=\"color: #000000;\">Kinderbelustigung<\/span><\/h5><p><img decoding=\"async\" class=\"alignnone size-large wp-image-9795\" src=\"https:\/\/oschnitthalle.de\/wp-content\/uploads\/2024\/12\/Buagsteig-Musikanten-1024x595.jpeg\" alt=\"\" width=\"640\" height=\"372\" srcset=\"https:\/\/oschnitthalle.de\/wp-content\/uploads\/2024\/12\/Buagsteig-Musikanten-1024x595.jpeg 1024w, https:\/\/oschnitthalle.de\/wp-content\/uploads\/2024\/12\/Buagsteig-Musikanten-300x174.jpeg 300w, https:\/\/oschnitthalle.de\/wp-content\/uploads\/2024\/12\/Buagsteig-Musikanten-768x446.jpeg 768w, https:\/\/oschnitthalle.de\/wp-content\/uploads\/2024\/12\/Buagsteig-Musikanten-1536x892.jpeg 1536w, https:\/\/oschnitthalle.de\/wp-content\/uploads\/2024\/12\/Buagsteig-Musikanten-2048x1189.jpeg 2048w\" sizes=\"(max-width: 640px) 100vw, 640px\" \/><\/p><h5><span style=\"color: #000000;\">Seilziehturnier<\/span><\/h5>\t\t\t\t\t\t\t\t<\/div>\n\t\t\t\t<\/div>\n\t\t\t\t\t<\/div>\n\t\t<\/div>\n\t\t\t\t\t<\/div>\n\t\t<\/section>\n\t\t\t\t<section class=\"elementor-section elementor-top-section elementor-element elementor-element-064024f elementor-section-boxed elementor-section-height-default elementor-section-height-default\" data-id=\"064024f\" data-element_type=\"section\">\n\t\t\t\t\t\t<div class=\"elementor-container elementor-column-gap-default\">\n\t\t\t\t\t<div class=\"elementor-column elementor-col-100 elementor-top-column elementor-element elementor-element-0b79f8d\" data-id=\"0b79f8d\" data-element_type=\"column\">\n\t\t\t<div class=\"elementor-widget-wrap elementor-element-populated\">\n\t\t\t\t\t\t<div class=\"elementor-element elementor-element-475c29b elementor-widget elementor-widget-text-editor\" data-id=\"475c29b\" data-element_type=\"widget\" data-widget_type=\"text-editor.default\">\n\t\t\t\t<div class=\"elementor-widget-container\">\n\t\t\t\t\t\t\t\t\t<h2 style=\"text-align: center;\">Einla\u00df<\/h2><h3 style=\"text-align: center;\">16 \u2013 18 Jahre<\/h3><p>Gesetzestext: Besucher bis 18 Jahren ben\u00f6tigen eine Vollmacht von ihren Eltern (\u201eMuttizettel\u201c), dass die Aufsichtspflicht auf eine erziehungsbeauftragte Person \u00fcbertragen wird, wenn sie l\u00e4nger als 24 Uhr anwesend sind. Dabei wird eingehend auf das notwendige Autorit\u00e4tsverh\u00e4ltnis hingewiesen, weshalb der vollj\u00e4hrige Freund\/die vollj\u00e4hrige Freundin gerade nicht als erziehungsbeauftragte Person erlaubt ist. Der blo\u00dfe Auftrag zur Begleitung eines Minderj\u00e4hrigen reicht gem. \u00a7 1 Nr. 4 JuSchG nicht aus, notwendig ist vielmehr ein Auftrag zur \u00dcbernahme von Aufgaben der Betreuung und Beaufsichtigung und damit auch zur Wahrnehmung des Aufenthaltsbestimmungsrechts<\/p><p>Mit unserem Formular zur \u00dcbertragung von Erziehungsaufgaben an eine vom Personenberechtigten eingesetzte erziehungsbeauftragte Person kannst du schon mit Vollendung des 16. Lebensjahres unsere Veranstaltung besuchen. Lade dir das Formular gleich herunter:\u00a0<a href=\"https:\/\/oschnitthalle.de\/wp-content\/uploads\/2022\/08\/Muttizettel.pdf\" target=\"_blank\" rel=\"noopener\">Hier geht`s zum Muttizettel!<\/a><\/p><h3 style=\"text-align: center;\">unter 16<\/h3><p data-start=\"0\" data-end=\"144\">In Deutschland gilt das <strong data-start=\"24\" data-end=\"55\">Jugendschutzgesetz (JuSchG)<\/strong>, und es regelt auch, wer Minderj\u00e4hrige zu \u00f6ffentlichen Veranstaltungen begleiten darf.<\/p><p data-start=\"146\" data-end=\"231\">\ud83d\udc49 F\u00fcr einen <strong data-start=\"159\" data-end=\"174\">15-J\u00e4hrigen<\/strong> bei einem Fest (z. B. Konzert, Disco, Volksfest) gilt:<\/p><ul data-start=\"232\" data-end=\"516\"><li data-start=\"232\" data-end=\"314\"><p data-start=\"234\" data-end=\"314\">Ohne Begleitung d\u00fcrfen Jugendliche unter 16 Jahren <strong data-start=\"285\" data-end=\"303\">nur bis 22 Uhr<\/strong> bleiben.<\/p><\/li><li data-start=\"315\" data-end=\"431\"><p data-start=\"317\" data-end=\"431\">Mit <strong data-start=\"321\" data-end=\"350\">Personensorgeberechtigten<\/strong> (also Eltern oder gesetzlichen Vorm\u00fcndern) gibt es keine zeitliche Begrenzung.<\/p><\/li><li data-start=\"432\" data-end=\"516\"><p data-start=\"434\" data-end=\"516\">Mit einer <strong data-start=\"444\" data-end=\"477\">erziehungsbeauftragten Person<\/strong> d\u00fcrfen sie ebenfalls l\u00e4nger bleiben.<\/p><\/li><\/ul><p data-start=\"518\" data-end=\"723\">Eine <strong data-start=\"523\" data-end=\"555\">erziehungsbeauftragte Person<\/strong> ist jemand \u00fcber 18 Jahre, der von den Eltern <strong data-start=\"601\" data-end=\"631\">schriftlich bevollm\u00e4chtigt<\/strong> wurde und die Aufsicht w\u00e4hrend der Veranstaltung \u00fcbernimmt. Das k\u00f6nnen zum Beispiel sein:<\/p><ul data-start=\"724\" data-end=\"850\"><li data-start=\"724\" data-end=\"746\"><p data-start=\"726\" data-end=\"746\">\u00e4ltere Geschwister<\/p><\/li><li data-start=\"747\" data-end=\"767\"><p data-start=\"749\" data-end=\"767\">Onkel oder Tante<\/p><\/li><li data-start=\"768\" data-end=\"791\"><p data-start=\"770\" data-end=\"791\">Eltern von Freunden<\/p><\/li><li data-start=\"792\" data-end=\"850\"><p data-start=\"794\" data-end=\"850\">eine vollj\u00e4hrige Freundin oder ein vollj\u00e4hriger Freund<\/p><\/li><\/ul><p data-start=\"852\" data-end=\"862\">Wichtig:<\/p><ul data-start=\"863\" data-end=\"1222\"><li data-start=\"863\" data-end=\"923\"><p data-start=\"865\" data-end=\"923\">Die Begleitperson muss <strong data-start=\"888\" data-end=\"915\">mindestens 18 Jahre alt<\/strong> sein.<\/p><\/li><li data-start=\"924\" data-end=\"1028\"><p data-start=\"926\" data-end=\"1028\">Sie muss die <strong data-start=\"939\" data-end=\"979\">Aufsichtspflicht tats\u00e4chlich aus\u00fcben<\/strong> k\u00f6nnen (also nicht selbst stark trinken etc.).<\/p><\/li><li data-start=\"1029\" data-end=\"1222\"><p data-start=\"1031\" data-end=\"1222\">In der Regel verlangen Veranstalter ein <strong data-start=\"1071\" data-end=\"1111\">schriftliches &#8222;Muttizettel&#8220;-Formular<\/strong>, das von den Eltern unterschrieben ist und zusammen mit einer Kopie des Ausweises der Eltern vorgelegt wird.<\/p><\/li><\/ul><p data-start=\"1224\" data-end=\"1382\">\ud83d\udc49 Kurz gesagt: Au\u00dfer den Eltern d\u00fcrfen auch <strong data-start=\"1269\" data-end=\"1300\">andere vollj\u00e4hrige Personen<\/strong> einen 15-J\u00e4hrigen begleiten, wenn die Eltern sie schriftlich damit beauftragen.<\/p><p><a href=\"https:\/\/oschnitthalle.de\/wp-content\/uploads\/2022\/08\/Muttizettel.pdf\" target=\"_blank\" rel=\"noopener\">Hier geht`s zum Muttizettel!<\/a> \u00a0<\/p><p>\u00a0<\/p><p>\u00a0<\/p>\t\t\t\t\t\t\t\t<\/div>\n\t\t\t\t<\/div>\n\t\t\t\t\t<\/div>\n\t\t<\/div>\n\t\t\t\t\t<\/div>\n\t\t<\/section>\n\t\t\t\t<section class=\"elementor-section elementor-top-section elementor-element elementor-element-b7df891 elementor-section-boxed elementor-section-height-default elementor-section-height-default\" data-id=\"b7df891\" data-element_type=\"section\">\n\t\t\t\t\t\t<div class=\"elementor-container elementor-column-gap-default\">\n\t\t\t\t\t<div class=\"elementor-column elementor-col-100 elementor-top-column elementor-element elementor-element-f723b97\" data-id=\"f723b97\" data-element_type=\"column\">\n\t\t\t<div class=\"elementor-widget-wrap elementor-element-populated\">\n\t\t\t\t\t\t<div class=\"elementor-element elementor-element-09f6a60 elementor-widget elementor-widget-text-editor\" data-id=\"09f6a60\" data-element_type=\"widget\" data-widget_type=\"text-editor.default\">\n\t\t\t\t<div class=\"elementor-widget-container\">\n\t\t\t\t\t\t\t\t\t<h5 style=\"text-align: center;\"><span style=\"color: #000000;\">Freitag und Samstag wieder mit Shuttle-Bus aus verschiedenen Richtungen.\u00a0<\/span><\/h5><p><img loading=\"lazy\" decoding=\"async\" class=\"size-full wp-image-4034 aligncenter\" src=\"https:\/\/oschnitthalle.de\/wp-content\/uploads\/2004\/04\/Shuttle-Bus.jpg\" alt=\"\" width=\"393\" height=\"391\" srcset=\"https:\/\/oschnitthalle.de\/wp-content\/uploads\/2004\/04\/Shuttle-Bus.jpg 393w, https:\/\/oschnitthalle.de\/wp-content\/uploads\/2004\/04\/Shuttle-Bus-300x298.jpg 300w, https:\/\/oschnitthalle.de\/wp-content\/uploads\/2004\/04\/Shuttle-Bus-150x150.jpg 150w\" sizes=\"(max-width: 393px) 100vw, 393px\" \/><\/p>\t\t\t\t\t\t\t\t<\/div>\n\t\t\t\t<\/div>\n\t\t\t\t\t<\/div>\n\t\t<\/div>\n\t\t\t\t\t<\/div>\n\t\t<\/section>\n\t\t\t\t<section class=\"elementor-section elementor-top-section elementor-element elementor-element-98087d4 elementor-section-boxed elementor-section-height-default elementor-section-height-default\" data-id=\"98087d4\" data-element_type=\"section\">\n\t\t\t\t\t\t<div class=\"elementor-container elementor-column-gap-default\">\n\t\t\t\t\t<div class=\"elementor-column elementor-col-100 elementor-top-column elementor-element elementor-element-a25a819\" data-id=\"a25a819\" data-element_type=\"column\">\n\t\t\t<div class=\"elementor-widget-wrap elementor-element-populated\">\n\t\t\t\t\t\t<div class=\"elementor-element elementor-element-d8091cf elementor-widget elementor-widget-image\" data-id=\"d8091cf\" data-element_type=\"widget\" data-widget_type=\"image.default\">\n\t\t\t\t<div class=\"elementor-widget-container\">\n\t\t\t\t\t\t\t\t\t\t\t\t\t\t\t<img loading=\"lazy\" decoding=\"async\" width=\"640\" height=\"314\" src=\"https:\/\/oschnitthalle.de\/wp-content\/uploads\/2024\/09\/Schuttle-Bus-Zeiten-1024x502.jpg\" class=\"attachment-large size-large wp-image-9921\" alt=\"\" srcset=\"https:\/\/oschnitthalle.de\/wp-content\/uploads\/2024\/09\/Schuttle-Bus-Zeiten-1024x502.jpg 1024w, https:\/\/oschnitthalle.de\/wp-content\/uploads\/2024\/09\/Schuttle-Bus-Zeiten-300x147.jpg 300w, https:\/\/oschnitthalle.de\/wp-content\/uploads\/2024\/09\/Schuttle-Bus-Zeiten-768x377.jpg 768w, https:\/\/oschnitthalle.de\/wp-content\/uploads\/2024\/09\/Schuttle-Bus-Zeiten.jpg 1390w\" sizes=\"(max-width: 640px) 100vw, 640px\" \/>\t\t\t\t\t\t\t\t\t\t\t\t\t\t\t<\/div>\n\t\t\t\t<\/div>\n\t\t\t\t\t<\/div>\n\t\t<\/div>\n\t\t\t\t\t<\/div>\n\t\t<\/section>\n\t\t\t\t<\/div>\n\t\t","protected":false},"excerpt":{"rendered":"<p>Nachbericht Oberpfalzecho Nachbericht Maispflanzenpr\u00e4mierung Gaudi, Musik und Tradition: Der Wurzer O`Schnitt 2025 steht vor der T\u00fcr Wurz. (tok) \u2013 Vom 5. bis 7. September wird die O`schnitthalle wieder zum Mittelpunkt f\u00fcr Partyfreunde, Musikliebhaber und Traditionsbewusste. Der beliebte Wurzer O`Schnitt verspricht auch in seiner 2025er Auflage ein abwechslungsreiches Programm mit Stimmungsgarantie. Zum Auftakt am Freitag sorgt [&hellip;]<\/p>\n","protected":false},"author":2,"featured_media":9995,"comment_status":"closed","ping_status":"open","sticky":false,"template":"","format":"standard","meta":{"ngg_post_thumbnail":0,"footnotes":""},"categories":[28],"tags":[],"class_list":["post-9719","post","type-post","status-publish","format-standard","has-post-thumbnail","hentry","category-vergangene_veranstaltungen"],"_links":{"self":[{"href":"https:\/\/oschnitthalle.de\/index.php?rest_route=\/wp\/v2\/posts\/9719","targetHints":{"allow":["GET"]}}],"collection":[{"href":"https:\/\/oschnitthalle.de\/index.php?rest_route=\/wp\/v2\/posts"}],"about":[{"href":"https:\/\/oschnitthalle.de\/index.php?rest_route=\/wp\/v2\/types\/post"}],"author":[{"embeddable":true,"href":"https:\/\/oschnitthalle.de\/index.php?rest_route=\/wp\/v2\/users\/2"}],"replies":[{"embeddable":true,"href":"https:\/\/oschnitthalle.de\/index.php?rest_route=%2Fwp%2Fv2%2Fcomments&post=9719"}],"version-history":[{"count":10,"href":"https:\/\/oschnitthalle.de\/index.php?rest_route=\/wp\/v2\/posts\/9719\/revisions"}],"predecessor-version":[{"id":10008,"href":"https:\/\/oschnitthalle.de\/index.php?rest_route=\/wp\/v2\/posts\/9719\/revisions\/10008"}],"wp:featuredmedia":[{"embeddable":true,"href":"https:\/\/oschnitthalle.de\/index.php?rest_route=\/wp\/v2\/media\/9995"}],"wp:attachment":[{"href":"https:\/\/oschnitthalle.de\/index.php?rest_route=%2Fwp%2Fv2%2Fmedia&parent=9719"}],"wp:term":[{"taxonomy":"category","embeddable":true,"href":"https:\/\/oschnitthalle.de\/index.php?rest_route=%2Fwp%2Fv2%2Fcategories&post=9719"},{"taxonomy":"post_tag","embeddable":true,"href":"https:\/\/oschnitthalle.de\/index.php?rest_route=%2Fwp%2Fv2%2Ftags&post=9719"}],"curies":[{"name":"wp","href":"https:\/\/api.w.org\/{rel}","templated":true}]}}