{"id":4370,"date":"1997-01-03T14:18:35","date_gmt":"1997-01-03T13:18:35","guid":{"rendered":"http:\/\/svwurz.de\/wordpress\/?p=1"},"modified":"2023-09-22T07:20:42","modified_gmt":"2023-09-22T05:20:42","slug":"hallo-welt","status":"publish","type":"post","link":"https:\/\/oschnitthalle.de\/?p=4370","title":{"rendered":"Herzlich willkommen! &#8211; Allgemeine Info`s"},"content":{"rendered":"\t\t<div data-elementor-type=\"wp-post\" data-elementor-id=\"4370\" class=\"elementor elementor-4370\">\n\t\t\t\t\t\t<section class=\"elementor-section elementor-top-section elementor-element elementor-element-354716a0 elementor-section-boxed elementor-section-height-default elementor-section-height-default\" data-id=\"354716a0\" data-element_type=\"section\">\n\t\t\t\t\t\t<div class=\"elementor-container elementor-column-gap-default\">\n\t\t\t\t\t<div class=\"elementor-column elementor-col-100 elementor-top-column elementor-element elementor-element-5d0cba6a\" data-id=\"5d0cba6a\" data-element_type=\"column\">\n\t\t\t<div class=\"elementor-widget-wrap elementor-element-populated\">\n\t\t\t\t\t\t<div class=\"elementor-element elementor-element-2215e65d elementor-widget elementor-widget-text-editor\" data-id=\"2215e65d\" data-element_type=\"widget\" data-widget_type=\"text-editor.default\">\n\t\t\t\t<div class=\"elementor-widget-container\">\n\t\t\t\t\t\t\t\t\t<p><span style=\"color: #000000;\">Die O`Schnitt-Halle wurde von den beiden Vereinen \u201cSV Wurz\u201d und \u201cWurzer Hogerer\u201d in den Jahren 2010\/2011 errichtet.<\/span><\/p><p><span style=\"color: #000000;\">Mit einer Gr\u00f6\u00dfe von 35 x 32 Metern ist hier eine Halle entstanden in der Veranstaltungen jeglicher Art pr\u00e4sentiert werden k\u00f6nnen.<\/span><\/p><p><span style=\"color: #000000;\">Hauptveranstaltung ist der\u00a0<a style=\"color: #000000;\" href=\"http:\/\/www.oschnitt.de\/\" target=\"_blank\" rel=\"noopener\">Wurzer O\u00b4Schnitt<\/a>, der jedes Jahr am ersten Septemberwochenende abgehalten wird.\u00a0Nat\u00fcrlich k\u00f6nnen hier auch andere Festlichkeiten gefeiert werden.<\/span><\/p><p><span style=\"color: #000000;\">Schauen Sie sich auf unseren Seiten mal um und informieren Sie sich dar\u00fcber. Anfragen k\u00f6nnen Sie uns gerne \u00fcber das <a style=\"color: #000000;\" href=\"https:\/\/oschnitthalle.de\/kontakt-2\/\" target=\"_blank\" rel=\"noopener\">Kontaktformular<\/a> senden.<\/span><\/p><p><span style=\"text-decoration: underline; color: #000000;\"><strong>Daten:<\/strong><\/span><\/p><p><span style=\"color: #000000;\">Gr\u00f6\u00dfe 35 x 32 Meter (kann auch durch Schiebeelemente abgetrennt werden)<\/span><\/p><p><span style=\"color: #000000;\">Gro\u00dfe Halle mit Abtrennung: 35 x 20 Meter<\/span><\/p><p><span style=\"color: #000000;\">Kleine Halle mit Abtrennung:<\/span><\/p><p><span style=\"color: #000000;\">12 x ca. 20 Meter<\/span><\/p><p><span style=\"color: #000000;\">.<\/span><br \/><span style=\"color: #000000;\">Gro\u00dfe B\u00fchne mit 6 x 8 x 0,90 Meter.<\/span><\/p><p><span style=\"color: #000000;\">.<\/span><br \/><span style=\"color: #000000;\">Ein extra Barbereich kann auch als kleine Veranstaltungshalle genutzt werden z. B. f\u00fcr Geburtstagsfeiern, Polterabend oder Hochzeiten.<\/span><\/p><p><span style=\"color: #000000;\">Gen\u00fcgend Wasser- und Stromanschl\u00fcsse<\/span><\/p><p><span style=\"color: #000000;\">.<\/span><br \/><span style=\"color: #000000;\">Gro\u00dfe Eingangstore damit auch LKW\u00b4s zum Be- und Entladen einfahren k\u00f6nnen<\/span><\/p><p><span style=\"color: #000000;\">.<\/span><br \/><span style=\"color: #000000;\">6 Urinale und ein Herren-WC,<\/span><br \/><span style=\"color: #000000;\">3 Damen-WC`s,<\/span><br \/><span style=\"color: #000000;\">Behinderten WC, (Die Halle ist rollstuhlgerecht)<\/span><br \/><span style=\"color: #000000;\">Personal WC extra<\/span><\/p><p><span style=\"color: #000000;\">.<\/span><br \/><span style=\"color: #000000;\">Extra angelegter Ausschankbereich<\/span><\/p><p><span style=\"color: #000000;\">.<\/span><br \/><span style=\"color: #000000;\">Rauchabzug mit L\u00fcftungsm\u00f6glichkeit<\/span><\/p><p><span style=\"color: #000000;\">gro\u00dfer Vorplatz und Freiraum rund um die O`Schnitt-Halle<\/span><span style=\"color: #000000;\">angrenzende Wiese als Parkm\u00f6glichkeit<\/span><br \/><span style=\"color: #000000;\">uvm.<\/span><\/p><p><span style=\"color: #000000;\">Bei Vermietung sind alle Ger\u00e4tschaften in der Halle im Preis inbegriffen wie z. B. Biertische, Bierb\u00e4nke, St\u00fchle, Stehtische, K\u00fchlschr\u00e4nke, K\u00fchlung, Waschwanne, Eisw\u00fcrfelmaschine, weitere B\u00fchnenteile, Musikanlage etc.\u00a0<\/span><\/p>\t\t\t\t\t\t\t\t<\/div>\n\t\t\t\t<\/div>\n\t\t\t\t\t<\/div>\n\t\t<\/div>\n\t\t\t\t\t<\/div>\n\t\t<\/section>\n\t\t\t\t<\/div>\n\t\t","protected":false},"excerpt":{"rendered":"<p>Die O`Schnitt-Halle wurde von den beiden Vereinen \u201cSV Wurz\u201d und \u201cWurzer Hogerer\u201d in den Jahren 2010\/2011 errichtet. Mit einer Gr\u00f6\u00dfe von 35 x 32 Metern ist hier eine Halle entstanden in der Veranstaltungen jeglicher Art pr\u00e4sentiert werden k\u00f6nnen. Hauptveranstaltung ist der\u00a0Wurzer O\u00b4Schnitt, der jedes Jahr am ersten Septemberwochenende abgehalten wird.\u00a0Nat\u00fcrlich k\u00f6nnen hier auch andere Festlichkeiten [&hellip;]<\/p>\n","protected":false},"author":2,"featured_media":0,"comment_status":"open","ping_status":"open","sticky":false,"template":"","format":"standard","meta":{"ngg_post_thumbnail":0,"footnotes":""},"categories":[18],"tags":[],"class_list":["post-4370","post","type-post","status-publish","format-standard","hentry","category-infos"],"_links":{"self":[{"href":"https:\/\/oschnitthalle.de\/index.php?rest_route=\/wp\/v2\/posts\/4370","targetHints":{"allow":["GET"]}}],"collection":[{"href":"https:\/\/oschnitthalle.de\/index.php?rest_route=\/wp\/v2\/posts"}],"about":[{"href":"https:\/\/oschnitthalle.de\/index.php?rest_route=\/wp\/v2\/types\/post"}],"author":[{"embeddable":true,"href":"https:\/\/oschnitthalle.de\/index.php?rest_route=\/wp\/v2\/users\/2"}],"replies":[{"embeddable":true,"href":"https:\/\/oschnitthalle.de\/index.php?rest_route=%2Fwp%2Fv2%2Fcomments&post=4370"}],"version-history":[{"count":10,"href":"https:\/\/oschnitthalle.de\/index.php?rest_route=\/wp\/v2\/posts\/4370\/revisions"}],"predecessor-version":[{"id":9348,"href":"https:\/\/oschnitthalle.de\/index.php?rest_route=\/wp\/v2\/posts\/4370\/revisions\/9348"}],"wp:attachment":[{"href":"https:\/\/oschnitthalle.de\/index.php?rest_route=%2Fwp%2Fv2%2Fmedia&parent=4370"}],"wp:term":[{"taxonomy":"category","embeddable":true,"href":"https:\/\/oschnitthalle.de\/index.php?rest_route=%2Fwp%2Fv2%2Fcategories&post=4370"},{"taxonomy":"post_tag","embeddable":true,"href":"https:\/\/oschnitthalle.de\/index.php?rest_route=%2Fwp%2Fv2%2Ftags&post=4370"}],"curies":[{"name":"wp","href":"https:\/\/api.w.org\/{rel}","templated":true}]}}