{"id":410,"date":"2012-10-13T09:34:44","date_gmt":"2012-10-13T09:34:44","guid":{"rendered":"http:\/\/svwurz.de\/wordpress\/?p=410"},"modified":"2021-02-08T15:37:14","modified_gmt":"2021-02-08T14:37:14","slug":"trio-hauer-lang-13-10-12","status":"publish","type":"post","link":"https:\/\/oschnitthalle.de\/?p=410","title":{"rendered":"Trio Hauer &#038; Lang &#8211; 13.10.12"},"content":{"rendered":"<p><span style=\"color: #ff0000;\"><strong><span style=\"text-decoration: underline;\">\u00c4lteste Neust\u00e4dter Boygroup in der Wurzer O`Schnitt-Halle<\/span><\/strong><\/span><\/p>\n<p>Wurz. (tok) Zum Abschluss ihrer Auftritte gastierte das Kult- \u201eTrio Hauer &amp; Lang\u201c nochmal in der Wurzer O`Schnitt-Halle, bevor sie in die verdiente \u201eSommerpause\u201c gehen, so \u201eFrontmann\u201c Thomas, genannt \u201eDammer\u201c Hauer.<\/p>\n<p>Gleich zu Beginn k\u00fcndigte \u201eDammer\u201c die Anzahl ihrer St\u00fccke mit Zugaben an. Im 16. Jahr ihres Zusammenspiels legten sie dann gewohnt in Oberpf\u00e4lzer Manier deftig los. Ihre urige direkte Art im originalen Dialekt gepaart mit heftigen Ausdr\u00fccken kommt bei Zuh\u00f6rern aufs Beste an und es wird nicht gespart mit Beifall. Somit stand einem unterhaltsamen und stimmungsvollen Abend nichts mehr im Wege. Das \u00fcber dreist\u00fcndige Konzert war \u00e4u\u00dferst kurzweilig und gem\u00fctlich in der beheizten Wurzer O`Schnitt-Halle. Thomas \u201eDammer\u201c Hauer (Gesang, Teufelsgeige, Percussion), Michael \u201eMichl\u201c Lang (Gitarre, Gesang) und Martin \u201eMirtl\u201c Beutler (Gitarre, Gesang) ziehen immer mehr Fans in ihren Bann. So kamen auch selbst zu ihren vierten Konzert in Wurz \u00fcber 150 Besucher.<\/p>\n<p>Von \u201eKoa worms Bier\u201c \u00fcber \u201eSpeia\u201c bis hin zum \u201eLooser\u201c lie\u00dfen sie kein Alltagsthema aus. Beim \u201eLiebeslied\u201c integrierten sie viele regionale Ortschaften: \u201eIch liebte ein M\u00e4dchen aus Beidl, bei der merkst jedes Seidl, ich liebte ein M\u00e4dchen aus Loma, die viel dabei ins Koma\u2026..\u201c<\/p>\n<p>Kurzum der Auftritt war verr\u00fcckt, frech, lustig, f\u00fcr jung und alt. Die Organisation lag beim F\u00f6rderverein des SV Wurz und die Verantwortlichen wollen auch n\u00e4chstes Jahr wieder einen \u00e4hnlichen Abend abhalten. Ob es wieder die Neust\u00e4dter Boygroup wird, ist noch nicht sicher.<\/p>\n<p>Nach dem Sprichwort \u201eDer Prophet gilt nichts im eigenen Land\u201c vermisste man jedoch die Wurzer B\u00fcrger bei dem Gastspiel und vor allem die eigenen Mitglieder des Sportvereins. Vorsitzender Rainer Schulze bedankte sich deshalb umso mehr bei den \u00fcber 150 Besuchern f\u00fcr ihr Kommen.<\/p>\n<p><span style=\"text-decoration: underline; color: #ff0000;\"><strong><a style=\"color: #ff0000; text-decoration: underline;\" href=\"http:\/\/www.oberpfalznetz.de\/zeitung\/3438231-127-verrueckt-frech-lustig-trio-hauer-und-lang-hauen-in-der-oschnitt-halle-auf-den-putz,1,0.html\" target=\"_blank\" rel=\"noopener\">Pressebericht hier!<\/a><\/strong><\/span><\/p>\n<h1><span style=\"text-decoration: underline;\"><strong><span style=\"color: #ff0000;\"><a href=\"http:\/\/oschnitthalle.xobor.de\/g4-Trio-Hauer-Lang.html\" target=\"_blank\" rel=\"noopener\"><span style=\"color: #ff0000; text-decoration: underline;\">Bilder hier!<\/span><\/a><\/span><\/strong><\/span><\/h1>\n<p>Videos:\u00a0<b><span style=\"color: #0000ff;\"><a href=\"http:\/\/www.youtube.com\/watch?v=JeA5_WAEwjA\" target=\"_blank\" rel=\"noopener\">1<\/a>,\u00a0<a href=\"http:\/\/www.youtube.com\/watch?v=aiezP8ZvuSQ\" target=\"_blank\" rel=\"noopener\">2<\/a>, <a href=\"http:\/\/www.youtube.com\/watch?v=VKG91c1fDIs\" target=\"_blank\" rel=\"noopener\">3<\/a>,\u00a0<a href=\"http:\/\/www.youtube.com\/watch?v=1dKCqfsnLbE\" target=\"_blank\" rel=\"noopener\">4<\/a>, <a href=\"http:\/\/www.youtube.com\/watch?v=JVglT8T8Hrc\" target=\"_blank\" rel=\"noopener\">5<\/a>, <a href=\"http:\/\/www.youtube.com\/watch?v=ICASKuk70YA\" target=\"_blank\" rel=\"noopener\">6<\/a>, <a href=\"http:\/\/www.youtube.com\/watch?v=C2eMxUV5UaI\" target=\"_blank\" rel=\"noopener\">7<\/a>, <a href=\"http:\/\/www.youtube.com\/watch?v=CWTFZaSI0SI\" target=\"_blank\" rel=\"noopener\">8<\/a>, <a href=\"http:\/\/www.youtube.com\/watch?v=GFz-BQZ6sBg\" target=\"_blank\" rel=\"noopener\">9<\/a>, <a href=\"http:\/\/www.youtube.com\/watch?v=JTjX3qBjiMs\" target=\"_blank\" rel=\"noopener\">10<\/a>, <a href=\"http:\/\/www.youtube.com\/watch?v=oLWfGq5agys\" target=\"_blank\" rel=\"noopener\">11<\/a>, <a href=\"http:\/\/www.youtube.com\/watch?v=Bk-gDz3t4T4\" target=\"_blank\" rel=\"noopener\">12<\/a>, <a href=\"http:\/\/www.youtube.com\/watch?v=4HPfG6j_LEQ\" target=\"_blank\" rel=\"noopener\">13<\/a>,\u00a0<a href=\"http:\/\/www.youtube.com\/watch?v=WZTgFku-ZCY\" target=\"_blank\" rel=\"noopener\">14<\/a>, <a href=\"http:\/\/www.youtube.com\/watch?v=RnrTvoKczY8\" target=\"_blank\" rel=\"noopener\">15<\/a>, <a href=\"http:\/\/www.youtube.com\/watch?v=SBiF7EtPqQI&amp;feature=youtu.be\" target=\"_blank\" rel=\"noopener\">16<\/a><\/span><\/b><\/p>\n","protected":false},"excerpt":{"rendered":"<p>\u00c4lteste Neust\u00e4dter Boygroup in der Wurzer O`Schnitt-Halle Wurz. (tok) Zum Abschluss ihrer Auftritte gastierte das Kult- \u201eTrio Hauer &amp; Lang\u201c nochmal in der Wurzer O`Schnitt-Halle, bevor sie in die verdiente \u201eSommerpause\u201c gehen, so \u201eFrontmann\u201c Thomas, genannt \u201eDammer\u201c Hauer. Gleich zu Beginn k\u00fcndigte \u201eDammer\u201c die Anzahl ihrer St\u00fccke mit Zugaben an. Im 16. Jahr ihres Zusammenspiels [&hellip;]<\/p>\n","protected":false},"author":2,"featured_media":0,"comment_status":"closed","ping_status":"closed","sticky":false,"template":"","format":"standard","meta":{"ngg_post_thumbnail":0,"footnotes":""},"categories":[28],"tags":[],"class_list":["post-410","post","type-post","status-publish","format-standard","hentry","category-vergangene_veranstaltungen"],"_links":{"self":[{"href":"https:\/\/oschnitthalle.de\/index.php?rest_route=\/wp\/v2\/posts\/410","targetHints":{"allow":["GET"]}}],"collection":[{"href":"https:\/\/oschnitthalle.de\/index.php?rest_route=\/wp\/v2\/posts"}],"about":[{"href":"https:\/\/oschnitthalle.de\/index.php?rest_route=\/wp\/v2\/types\/post"}],"author":[{"embeddable":true,"href":"https:\/\/oschnitthalle.de\/index.php?rest_route=\/wp\/v2\/users\/2"}],"replies":[{"embeddable":true,"href":"https:\/\/oschnitthalle.de\/index.php?rest_route=%2Fwp%2Fv2%2Fcomments&post=410"}],"version-history":[{"count":1,"href":"https:\/\/oschnitthalle.de\/index.php?rest_route=\/wp\/v2\/posts\/410\/revisions"}],"predecessor-version":[{"id":7718,"href":"https:\/\/oschnitthalle.de\/index.php?rest_route=\/wp\/v2\/posts\/410\/revisions\/7718"}],"wp:attachment":[{"href":"https:\/\/oschnitthalle.de\/index.php?rest_route=%2Fwp%2Fv2%2Fmedia&parent=410"}],"wp:term":[{"taxonomy":"category","embeddable":true,"href":"https:\/\/oschnitthalle.de\/index.php?rest_route=%2Fwp%2Fv2%2Fcategories&post=410"},{"taxonomy":"post_tag","embeddable":true,"href":"https:\/\/oschnitthalle.de\/index.php?rest_route=%2Fwp%2Fv2%2Ftags&post=410"}],"curies":[{"name":"wp","href":"https:\/\/api.w.org\/{rel}","templated":true}]}}